{"id":2475,"date":"2026-03-12T14:43:13","date_gmt":"2026-03-12T13:43:13","guid":{"rendered":"https:\/\/coopcec.be\/wcec\/?p=2475"},"modified":"2026-03-12T14:45:30","modified_gmt":"2026-03-12T13:45:30","slug":"communique-de-presse-de-cociter-suite-a-la-guerre","status":"publish","type":"post","link":"https:\/\/coopcec.be\/wcec\/communique-de-presse-de-cociter-suite-a-la-guerre\/","title":{"rendered":"Communiqu\u00e9 de presse de Cociter suite \u00e0 la crise"},"content":{"rendered":"\n<p>&nbsp;COMMUNIQU\u00c9 DE PRESSE<\/p>\n\n\n\n<p>11 mars 2026<\/p>\n\n\n\n<p><strong>Cociter prot\u00e8ge ses clients face aux risques de flamb\u00e9e des prix de l\u2019\u00e9nergie<\/strong><\/p>\n\n\n\n<p><strong>Face aux incertitudes croissantes sur les march\u00e9s de l\u2019\u00e9nergie, le fournisseur citoyen, vert et wallon Cociter annonce ce jeudi 13 mars qu\u2019il activera un plafonnement du prix de l\u2019\u00e9lectricit\u00e9 pour ses clients en cas de flamb\u00e9e des march\u00e9s.<br>L\u2019objectif est clair : anticiper d\u2019\u00e9ventuelles hausses des prix et mieux prot\u00e9ger les consommateurs gr\u00e2ce au mod\u00e8le coop\u00e9ratif de l\u2019\u00e9nergie citoyenne.<\/strong><\/p>\n\n\n\n<p>La guerre et les bombardements au Moyen-Orient p\u00e8sent d\u00e9j\u00e0 sur les march\u00e9s internationaux du p\u00e9trole et du gaz. Or, en Europe, le prix de l\u2019\u00e9lectricit\u00e9 reste \u00e9troitement li\u00e9 \u00e0 celui du gaz : toute hausse durable du prix du gaz peut rapidement se r\u00e9percuter sur les factures d\u2019\u00e9lectricit\u00e9, comme ce fut le cas lors de la crise \u00e9nerg\u00e9tique de 2022.<\/p>\n\n\n\n<p>Dans ce contexte, <strong>Cociter a d\u00e9cid\u00e9 d\u2019activer son \u00ab bouclier tarifaire \u00bb <\/strong>: en cas de flamb\u00e9e des march\u00e9s, le fournisseur coop\u00e9ratif plafonnera le prix de l\u2019\u00e9lectricit\u00e9 pour ses clients, comme il l\u2019a fait lors de la pr\u00e9c\u00e9dente crise \u00e9nerg\u00e9tique (ce plafond \u00e9tait fix\u00e9 \u00e0 25 c\u20ac\/kWh en 2022). Ce dispositif compl\u00e8te l\u2019offre de Cociter qui prot\u00e8ge d\u00e9j\u00e0 ses clients.<\/p>\n\n\n\n<p>Ind\u00e9pendamment de ce plafond, Cociter rappelle en effet que son mod\u00e8le de fourniture en \u00ab <strong>circuit court de l\u2019\u00e9nergie<\/strong> \u00bb est bas\u00e9 sur l\u2019achat d\u2019\u00e9lectricit\u00e9 renouvelable aupr\u00e8s de coop\u00e9ratives citoyennes wallonnes. Ce mod\u00e8le d\u2019approvisionnement local signifie que <strong>les outils de production sont entre les mains de coop\u00e9ratives qui refusent les surprofits en p\u00e9riode de crise, dans une logique de solidarit\u00e9 entre citoyens<\/strong>.<\/p>\n\n\n\n<p>Concr\u00e8tement, lorsque le prix de r\u00e9f\u00e9rence du march\u00e9 double \u2014 par exemple de 100 \u00e0 200 \u20ac\/MWh \u2014 les fournisseurs traditionnels r\u00e9percutent presque enti\u00e8rement cette hausse sur les contrats \u00e0 prix variable. Chez Cociter, l\u2019augmentation est limit\u00e9e \u00e0 environ 60 %, gr\u00e2ce son mod\u00e8le coop\u00e9ratif.<\/p>\n\n\n\n<p><strong>\u00ab <em>Lorsque les march\u00e9s deviennent impr\u00e9visibles, l\u2019\u00e9nergie citoyenne agit comme un bouclier pour les consommateurs<\/em> \u00bb, <\/strong>explique <strong>Fabienne Marchal<\/strong> chez Cociter.<strong> \u00ab <em>Notre mod\u00e8le coop\u00e9ratif permet de mieux amortir les chocs du march\u00e9 et de prot\u00e9ger nos clients lorsque les prix s\u2019envolent. <\/em>\u00bb<\/strong><\/p>\n\n\n\n<p><\/p>\n","protected":false},"excerpt":{"rendered":"<p>Cociter prot\u00e8ge ses clients face aux risques de flamb\u00e9e des prix de l\u2019\u00e9nergie <a class=\"more-link\" href=\"https:\/\/coopcec.be\/wcec\/communique-de-presse-de-cociter-suite-a-la-guerre\/\">Continuer la lecture \u2192<\/a><\/p>\n","protected":false},"author":3,"featured_media":2476,"comment_status":"closed","ping_status":"closed","sticky":false,"template":"","format":"standard","meta":{"footnotes":""},"categories":[60],"tags":[],"class_list":["post-2475","post","type-post","status-publish","format-standard","has-post-thumbnail","hentry","category-cociter"],"aioseo_notices":[],"_links":{"self":[{"href":"https:\/\/coopcec.be\/wcec\/wp-json\/wp\/v2\/posts\/2475","targetHints":{"allow":["GET"]}}],"collection":[{"href":"https:\/\/coopcec.be\/wcec\/wp-json\/wp\/v2\/posts"}],"about":[{"href":"https:\/\/coopcec.be\/wcec\/wp-json\/wp\/v2\/types\/post"}],"author":[{"embeddable":true,"href":"https:\/\/coopcec.be\/wcec\/wp-json\/wp\/v2\/users\/3"}],"replies":[{"embeddable":true,"href":"https:\/\/coopcec.be\/wcec\/wp-json\/wp\/v2\/comments?post=2475"}],"version-history":[{"count":2,"href":"https:\/\/coopcec.be\/wcec\/wp-json\/wp\/v2\/posts\/2475\/revisions"}],"predecessor-version":[{"id":2478,"href":"https:\/\/coopcec.be\/wcec\/wp-json\/wp\/v2\/posts\/2475\/revisions\/2478"}],"wp:featuredmedia":[{"embeddable":true,"href":"https:\/\/coopcec.be\/wcec\/wp-json\/wp\/v2\/media\/2476"}],"wp:attachment":[{"href":"https:\/\/coopcec.be\/wcec\/wp-json\/wp\/v2\/media?parent=2475"}],"wp:term":[{"taxonomy":"category","embeddable":true,"href":"https:\/\/coopcec.be\/wcec\/wp-json\/wp\/v2\/categories?post=2475"},{"taxonomy":"post_tag","embeddable":true,"href":"https:\/\/coopcec.be\/wcec\/wp-json\/wp\/v2\/tags?post=2475"}],"curies":[{"name":"wp","href":"https:\/\/api.w.org\/{rel}","templated":true}]}}