{"id":2435,"date":"2025-09-15T14:44:17","date_gmt":"2025-09-15T12:44:17","guid":{"rendered":"https:\/\/coopcec.be\/wcec\/?p=2435"},"modified":"2025-09-26T09:06:34","modified_gmt":"2025-09-26T07:06:34","slug":"28-septembre-2025-journee-festive","status":"publish","type":"post","link":"https:\/\/coopcec.be\/wcec\/28-septembre-2025-journee-festive\/","title":{"rendered":"Rappel: 28 Septembre 2025 Journ\u00e9e festive"},"content":{"rendered":"\n<p>Rejoignez nous, en famille ou entre amis, pour une journ\u00e9e relaxante et instructive \u00e0 l\u2019occasion des 10 ans de Cociter.<\/p>\n\n\n\n<figure class=\"wp-block-image size-full\"><a href=\"https:\/\/coopcec.be\/wcec\/cec-content\/uploads\/2025\/09\/Imagetitre.jpg\"><img loading=\"lazy\" decoding=\"async\" width=\"720\" height=\"187\" src=\"https:\/\/coopcec.be\/wcec\/cec-content\/uploads\/2025\/09\/Imagetitre.jpg\" alt=\"Image Titre\" class=\"wp-image-2432\" srcset=\"https:\/\/coopcec.be\/wcec\/cec-content\/uploads\/2025\/09\/Imagetitre.jpg 720w, https:\/\/coopcec.be\/wcec\/cec-content\/uploads\/2025\/09\/Imagetitre-300x78.jpg 300w\" sizes=\"auto, (max-width: 720px) 100vw, 720px\" \/><\/a><\/figure>\n\n\n\n<p>10h \u00e0 16h &#8211; Plateforme Infrabel \u00e0 <strong>Chanxhe \u2013 <\/strong>Acc\u00e8s ais\u00e9 en train, \u00e0 pied et \u00e0 v\u00e9lo (ainsi qu\u2019en voiture ;-)!) <\/p>\n\n\n\n<p class=\"has-text-align-center\"><a href=\"https:\/\/coopcec.be\/wcec\/cec-content\/uploads\/2025\/09\/Flyer-CEC-28sept2-1.pdf\" title=\"\">Charger le Flyer en PDF<\/a><\/p>\n\n\n\n<p>Au programme:<\/p>\n\n\n\n<p>v&nbsp; Animation sur la <a href=\"https:\/\/www.galcondruses.be\/blog\/energie-6\/nouvelle-animation-ludique-gestion-du-reseau-electrique-80\">gestion d\u2019un r\u00e9seau \u00e9lectrique <\/a>&nbsp;<\/p>\n\n\n\n<p>v&nbsp; <a href=\"https:\/\/www.galcondruses.be\/blog\/energie-6\/notre-velo-generateur-d-electricite-de-nouveau-en-piste-86\">V\u00e9lo g\u00e9n\u00e9rateur <\/a>pour enfant et adulte<\/p>\n\n\n\n<p>v&nbsp; Pr\u00e9sentation de l\u2019application mobile \u00ab\u00a0<a href=\"https:\/\/soluce.ideta.be\/\">Soluce<\/a>\u00a0\u00bb pour vous aider \u00e0 g\u00e9rer la &nbsp; production de vos panneaux solaires<\/p>\n\n\n\n<p>v&nbsp; Stand d\u2019information sur <a href=\"https:\/\/coopcec.be\/\">Condroz Energies Citoyennes <\/a>et <a href=\"https:\/\/www.cociter.be\/\">Cociter<\/a><\/p>\n\n\n\n<p>v &nbsp; Pr\u00e9sentation de la centrale hydro\u00e9lectrique de Chanxhe<\/p>\n\n\n\n<p>v &nbsp; Pr\u00e9sentation d\u2019un syst\u00e8me de gestion intelligent (EMS) pour pompes \u00e0 chaleur<\/p>\n\n\n\n<p>v &nbsp; Petite restauration \u00e0 prix d\u00e9mocratiques<\/p>\n\n\n\n<p>v&nbsp; &nbsp; Possibilit\u00e9 de balade \u00e0 pied et \u00e0 v\u00e9lo sur le Ravel au d\u00e9part du site de la &nbsp; manifestation &nbsp;<\/p>\n\n\n\n<p>En collaboration avec le<strong>\u00a0 <\/strong>        <a href=\"https:\/\/framaforms.org\/28-septembre-2025-chanxhe-evenement-condroz-energies-citoyennes-1754500527\" title=\"\"> <strong>Inscription en suivant ce lien ou via le QR code<\/strong><\/a><\/p>\n\n\n\n<figure class=\"wp-block-image size-full is-resized\"><a href=\"https:\/\/coopcec.be\/wcec\/cec-content\/uploads\/2025\/09\/Inscription.jpg\"><img loading=\"lazy\" decoding=\"async\" width=\"438\" height=\"85\" src=\"https:\/\/coopcec.be\/wcec\/cec-content\/uploads\/2025\/09\/Inscription.jpg\" alt=\"\" class=\"wp-image-2433\" style=\"width:438px;height:auto\" srcset=\"https:\/\/coopcec.be\/wcec\/cec-content\/uploads\/2025\/09\/Inscription.jpg 438w, https:\/\/coopcec.be\/wcec\/cec-content\/uploads\/2025\/09\/Inscription-300x58.jpg 300w\" sizes=\"auto, (max-width: 438px) 100vw, 438px\" \/><\/a><\/figure>\n\n\n\n<p><strong>Rue de Rivage, 4140 Comblain-au-Pont. <\/strong><strong><a href=\"https:\/\/maps.app.goo.gl\/fGJR3NkJMbRC6BdV7\">Google <\/a><\/strong><strong><a href=\"https:\/\/maps.app.goo.gl\/fGJR3NkJMbRC6BdV7\">Maps<\/a><\/strong><\/p>\n\n\n\n<p><strong>Acc\u00e8s au site:<\/strong><\/p>\n\n\n\n<p>-En v\u00e9lo ou \u00e0 pied, <strong>depuis la gare de Poulseur<\/strong>, emprunter le <a href=\"https:\/\/ravel.wallonie.be\/home\/itineraires\/local\/ourthe.html\">Ravel 5 Ourthe<\/a> sur 3 km en direction de Comblain-au-Pont (suivre l\u2019Ourthe vers l\u2019amont) &#8211; <a href=\"https:\/\/maps.app.goo.gl\/SH1RX3FVrZKoE8SE7\">Itin\u00e9raire<\/a><\/p>\n\n\n\n<p>-En v\u00e9lo ou \u00e0 pied, <strong>depuis la gare de Rivage<\/strong>, emprunter la rue de Rivage sur 1,3 km vers Poulseur (suivre l\u2019Ourthe vers l\u2019aval) &#8211; <a href=\"https:\/\/maps.app.goo.gl\/orG4M5E543WcXUWz6\">Itin\u00e9raire<\/a><\/p>\n\n\n\n<p>-En voiture, <a href=\"https:\/\/maps.app.goo.gl\/rDu4QaFci3w1AXNY7\">rue <\/a><a href=\"https:\/\/maps.app.goo.gl\/rDu4QaFci3w1AXNY7\">de Rivage<\/a>, 4140 Comblain-au-Pont. Parking ais\u00e9.<\/p>\n\n\n\n<figure class=\"wp-block-image size-full\"><a href=\"https:\/\/coopcec.be\/wcec\/cec-content\/uploads\/2025\/09\/Plan.jpg\"><img loading=\"lazy\" decoding=\"async\" width=\"610\" height=\"447\" src=\"https:\/\/coopcec.be\/wcec\/cec-content\/uploads\/2025\/09\/Plan.jpg\" alt=\"\" class=\"wp-image-2434\" srcset=\"https:\/\/coopcec.be\/wcec\/cec-content\/uploads\/2025\/09\/Plan.jpg 610w, https:\/\/coopcec.be\/wcec\/cec-content\/uploads\/2025\/09\/Plan-300x220.jpg 300w\" sizes=\"auto, (max-width: 610px) 100vw, 610px\" \/><\/a><\/figure>\n","protected":false},"excerpt":{"rendered":"<p>Rejoignez nous, en famille ou entre amis, pour une journ\u00e9e relaxante et instructive \u00e0 l\u2019occasion des 10 ans de Cociter. 10h \u00e0 16h &#8211; Plateforme Infrabel \u00e0 Chanxhe \u2013 Acc\u00e8s <a class=\"more-link\" href=\"https:\/\/coopcec.be\/wcec\/28-septembre-2025-journee-festive\/\">Continuer la lecture \u2192<\/a><\/p>\n","protected":false},"author":3,"featured_media":0,"comment_status":"closed","ping_status":"closed","sticky":false,"template":"","format":"standard","meta":{"footnotes":""},"categories":[60,27],"tags":[],"class_list":["post-2435","post","type-post","status-publish","format-standard","hentry","category-cociter","category-cooperative"],"aioseo_notices":[],"_links":{"self":[{"href":"https:\/\/coopcec.be\/wcec\/wp-json\/wp\/v2\/posts\/2435","targetHints":{"allow":["GET"]}}],"collection":[{"href":"https:\/\/coopcec.be\/wcec\/wp-json\/wp\/v2\/posts"}],"about":[{"href":"https:\/\/coopcec.be\/wcec\/wp-json\/wp\/v2\/types\/post"}],"author":[{"embeddable":true,"href":"https:\/\/coopcec.be\/wcec\/wp-json\/wp\/v2\/users\/3"}],"replies":[{"embeddable":true,"href":"https:\/\/coopcec.be\/wcec\/wp-json\/wp\/v2\/comments?post=2435"}],"version-history":[{"count":2,"href":"https:\/\/coopcec.be\/wcec\/wp-json\/wp\/v2\/posts\/2435\/revisions"}],"predecessor-version":[{"id":2439,"href":"https:\/\/coopcec.be\/wcec\/wp-json\/wp\/v2\/posts\/2435\/revisions\/2439"}],"wp:attachment":[{"href":"https:\/\/coopcec.be\/wcec\/wp-json\/wp\/v2\/media?parent=2435"}],"wp:term":[{"taxonomy":"category","embeddable":true,"href":"https:\/\/coopcec.be\/wcec\/wp-json\/wp\/v2\/categories?post=2435"},{"taxonomy":"post_tag","embeddable":true,"href":"https:\/\/coopcec.be\/wcec\/wp-json\/wp\/v2\/tags?post=2435"}],"curies":[{"name":"wp","href":"https:\/\/api.w.org\/{rel}","templated":true}]}}